{"id":6131,"date":"2022-08-16T17:48:00","date_gmt":"2022-08-16T16:48:00","guid":{"rendered":"http:\/\/echecsmetzfischer.fr\/?p=6131"},"modified":"2022-09-01T17:36:01","modified_gmt":"2022-09-01T16:36:01","slug":"le-fil-rouge-des-resultats-de-lete-2","status":"publish","type":"post","link":"https:\/\/echecsmetzfischer.fr\/?p=6131","title":{"rendered":"Le fil rouge des r\u00e9sultats de l&rsquo;\u00e9t\u00e9"},"content":{"rendered":"\n<p>Suivez sur cette page les r\u00e9sultats de nos joueurs dans les tournois de l&rsquo;\u00e9t\u00e9 :<\/p>\n\n\n\n<p class=\"has-text-align-justify\"><mark style=\"background-color:rgba(0, 0, 0, 0)\" class=\"has-inline-color has-vivid-green-cyan-color\">Du 24 au 30 ao\u00fbt \u00e0 Aix-en-Provence :<\/mark> Pierre Bailet r\u00e9alise sa 3e et derni\u00e8re norme de Grand-Ma\u00eetre synonyme de titre lors du <a rel=\"noreferrer noopener\" href=\"http:\/\/www.echecs.asso.fr\/FicheTournoi.aspx?Ref=56208\" target=\"_blank\">tournoi \u00e0 norme d&rsquo;Aix-en-Provence<\/a>. Bravo Pierre pour cette performance colossale !<\/p>\n\n\n\n<p class=\"has-text-align-justify\"><mark style=\"background-color:rgba(0, 0, 0, 0)\" class=\"has-inline-color has-vivid-green-cyan-color\">Du 25 au 28 ao\u00fbt \u00e0 Vandoeuvre :<\/mark> Elouan Fardet participe \u00e0 <a rel=\"noreferrer noopener\" href=\"http:\/\/www.echecs.asso.fr\/FicheTournoi.aspx?Ref=55490\" target=\"_blank\">l&rsquo;open A<\/a> de l&rsquo;open d&rsquo;\u00e9t\u00e9 de Vandoeuvre. Thomas Decotte et sa maman Fran\u00e7oise sont dans <a rel=\"noreferrer noopener\" href=\"http:\/\/www.echecs.asso.fr\/FicheTournoi.aspx?Ref=55491\" target=\"_blank\">l&rsquo;open B<\/a>.<\/p>\n\n\n\n<p><mark style=\"background-color:rgba(0, 0, 0, 0)\" class=\"has-inline-color has-vivid-green-cyan-color\">Du 17 au 23 ao\u00fbt \u00e0 Lignano (Italie) :<\/mark> Visakh et Dorian Micottis participent au tournoi Master du festival de Lignano. Voir <a rel=\"noreferrer noopener\" href=\"https:\/\/www.scacchilignano.it\/\" target=\"_blank\">le site officiel.<\/a><\/p>\n\n\n\n<p class=\"has-text-align-justify\"><mark style=\"background-color:rgba(0, 0, 0, 0)\" class=\"has-inline-color has-vivid-green-cyan-color\">Du 12 au 21 ao\u00fbt \u00e0 Albi :<\/mark> S\u00e9bastien Feller et Manon Schippk\u00e9 participent aux Nationaux du championnat de France. Voir les r\u00e9sultats du <a rel=\"noreferrer noopener\" href=\"https:\/\/nationaux-albi-2022.ffechecs.org\/national\" target=\"_blank\">National<\/a> et du <a rel=\"noreferrer noopener\" href=\"https:\/\/nationaux-albi-2022.ffechecs.org\/nationalFeminin\" target=\"_blank\">National f\u00e9minin<\/a>. S\u00e9bastien Pucher participe \u00e0 <a rel=\"noreferrer noopener\" href=\"http:\/\/echecs.asso.fr\/FicheTournoi.aspx?Ref=54914\" target=\"_blank\">l&rsquo;Accession<\/a> ; Maxime Lupoglazoff et Sibylle-Anne Rouzes \u00e0 <a rel=\"noreferrer noopener\" href=\"http:\/\/www.echecs.asso.fr\/FicheTournoi.aspx?Ref=54917\" target=\"_blank\">l&rsquo;Open C<\/a>.<\/p>\n\n\n\n<p>Voir <a rel=\"noreferrer noopener\" href=\"https:\/\/albi2022.ffechecs.org\/\" target=\"_blank\">le site officiel<\/a> avec les parties en direct.<\/p>\n\n\n\n<p class=\"has-text-align-justify\"><mark style=\"background-color:rgba(0, 0, 0, 0)\" class=\"has-inline-color has-vivid-green-cyan-color\">Du 4 au 7 ao\u00fbt \u00e0 Wasselonne :<\/mark> Visakh remporte le <a rel=\"noreferrer noopener\" href=\"http:\/\/www.echecs.asso.fr\/FicheTournoi.aspx?Ref=55531\" target=\"_blank\">tournoi A<\/a> de l&rsquo;open de Wasselonne ! Manon Schippk\u00e9 se classe 1\u00e8re f\u00e9minine ! En t\u00eate apr\u00e8s 5 rondes, Jo\u00ebl Schippk\u00e9 finit \u00e0 une tr\u00e8s bonne 4e place dans le <a rel=\"noreferrer noopener\" href=\"http:\/\/www.echecs.asso.fr\/FicheTournoi.aspx?Ref=55533\" target=\"_blank\">tournoi C<\/a>.<\/p>\n\n\n<div class=\"wp-block-image\">\n<figure class=\"aligncenter size-medium\"><img data-recalc-dims=\"1\" loading=\"lazy\" decoding=\"async\" width=\"225\" height=\"300\" data-attachment-id=\"6189\" data-permalink=\"https:\/\/echecsmetzfischer.fr\/?attachment_id=6189\" data-orig-file=\"https:\/\/i0.wp.com\/echecsmetzfischer.fr\/wp-content\/uploads\/2022\/08\/Wasselonne-2022.jpg?fit=720%2C960&amp;ssl=1\" data-orig-size=\"720,960\" data-comments-opened=\"0\" data-image-meta=\"{&quot;aperture&quot;:&quot;0&quot;,&quot;credit&quot;:&quot;&quot;,&quot;camera&quot;:&quot;&quot;,&quot;caption&quot;:&quot;&quot;,&quot;created_timestamp&quot;:&quot;0&quot;,&quot;copyright&quot;:&quot;&quot;,&quot;focal_length&quot;:&quot;0&quot;,&quot;iso&quot;:&quot;0&quot;,&quot;shutter_speed&quot;:&quot;0&quot;,&quot;title&quot;:&quot;&quot;,&quot;orientation&quot;:&quot;0&quot;}\" data-image-title=\"Wasselonne 2022\" data-image-description=\"\" data-image-caption=\"\" data-large-file=\"https:\/\/i0.wp.com\/echecsmetzfischer.fr\/wp-content\/uploads\/2022\/08\/Wasselonne-2022.jpg?fit=500%2C667&amp;ssl=1\" src=\"https:\/\/i0.wp.com\/echecsmetzfischer.fr\/wp-content\/uploads\/2022\/08\/Wasselonne-2022.jpg?resize=225%2C300&#038;ssl=1\" alt=\"\" class=\"wp-image-6189\" srcset=\"https:\/\/i0.wp.com\/echecsmetzfischer.fr\/wp-content\/uploads\/2022\/08\/Wasselonne-2022.jpg?resize=225%2C300&amp;ssl=1 225w, https:\/\/i0.wp.com\/echecsmetzfischer.fr\/wp-content\/uploads\/2022\/08\/Wasselonne-2022.jpg?resize=600%2C800&amp;ssl=1 600w, https:\/\/i0.wp.com\/echecsmetzfischer.fr\/wp-content\/uploads\/2022\/08\/Wasselonne-2022.jpg?w=720&amp;ssl=1 720w\" sizes=\"auto, (max-width: 225px) 100vw, 225px\" \/><\/figure>\n<\/div>\n\n\n<p class=\"has-text-align-justify\"><mark style=\"background-color:rgba(0, 0, 0, 0)\" class=\"has-inline-color has-vivid-green-cyan-color\">Du 29 juillet au 9 ao\u00fbt \u00e0 Chennai (Inde) :<\/mark> nos Grands-Ma\u00eetres Surya Ganguly et Evgeny Postny repr\u00e9sentent leur pays aux Olympiades, v\u00e9ritable coupe du monde des \u00e9checs. Voir <a rel=\"noreferrer noopener\" href=\"https:\/\/chessolympiad.fide.com\/\" target=\"_blank\">le site officiel<\/a> et <a rel=\"noreferrer noopener\" href=\"https:\/\/chess24.com\/en\/watch\/live-tournaments\/olympiad-chennai-2022-open\/7\/1\/1\" target=\"_blank\">les parties en direct<\/a>.<\/p>\n\n\n\n<p class=\"has-text-align-justify\"><mark style=\"background-color:rgba(0, 0, 0, 0)\" class=\"has-inline-color has-vivid-green-cyan-color\">Du 27 au 31 juillet \u00e0 Metz,<\/mark> 7 joueurs du club ont particip\u00e9 au festival de l&rsquo;efe. S\u00e9bastien Pucher remporte <a rel=\"noreferrer noopener\" href=\"http:\/\/www.echecs.asso.fr\/FicheTournoi.aspx?Ref=55742\" target=\"_blank\">l&rsquo;open A<\/a> ! Umberto Cerasi termine 22e. Dans <a rel=\"noreferrer noopener\" href=\"http:\/\/www.echecs.asso.fr\/FicheTournoi.aspx?Ref=55743\" target=\"_blank\">l&rsquo;open B<\/a>, Thomas Decotte est 8e, Daniel Pucher 12e,  Gabriel  Montaigu Dupont 14e, Fran\u00e7oise Antoine 17e, et Arthur Montaigu Dupont 20e.<\/p>\n\n\n\n<figure class=\"wp-block-gallery aligncenter has-nested-images columns-default is-cropped wp-block-gallery-1 is-layout-flex wp-block-gallery-is-layout-flex\">\n<figure class=\"wp-block-image size-large\"><img data-recalc-dims=\"1\" loading=\"lazy\" decoding=\"async\" width=\"500\" height=\"667\" data-attachment-id=\"6183\" data-permalink=\"https:\/\/echecsmetzfischer.fr\/?attachment_id=6183\" data-orig-file=\"https:\/\/i0.wp.com\/echecsmetzfischer.fr\/wp-content\/uploads\/2022\/08\/EFE-Open-A-E01-PUCHER-Sebastien-B-ZOUNANI-Yacine-N-au-1er-plan-scaled.jpg?fit=1920%2C2560&amp;ssl=1\" data-orig-size=\"1920,2560\" data-comments-opened=\"0\" data-image-meta=\"{&quot;aperture&quot;:&quot;1.8&quot;,&quot;credit&quot;:&quot;&quot;,&quot;camera&quot;:&quot;iPhone X&quot;,&quot;caption&quot;:&quot;&quot;,&quot;created_timestamp&quot;:&quot;1659035317&quot;,&quot;copyright&quot;:&quot;&quot;,&quot;focal_length&quot;:&quot;4&quot;,&quot;iso&quot;:&quot;32&quot;,&quot;shutter_speed&quot;:&quot;0.05&quot;,&quot;title&quot;:&quot;&quot;,&quot;orientation&quot;:&quot;1&quot;}\" data-image-title=\"EFE Open A &amp;#8211; E01 &amp;#8211; PUCHER S\u00e9bastien (B) &amp;#8211; ZOUNANI Yacine (N) au 1er plan\" data-image-description=\"\" data-image-caption=\"\" data-large-file=\"https:\/\/i0.wp.com\/echecsmetzfischer.fr\/wp-content\/uploads\/2022\/08\/EFE-Open-A-E01-PUCHER-Sebastien-B-ZOUNANI-Yacine-N-au-1er-plan-scaled.jpg?fit=500%2C667&amp;ssl=1\" data-id=\"6183\" src=\"https:\/\/i0.wp.com\/echecsmetzfischer.fr\/wp-content\/uploads\/2022\/08\/EFE-Open-A-E01-PUCHER-Sebastien-B-ZOUNANI-Yacine-N-au-1er-plan-scaled.jpg?resize=500%2C667&#038;ssl=1\" alt=\"\" class=\"wp-image-6183\" srcset=\"https:\/\/i0.wp.com\/echecsmetzfischer.fr\/wp-content\/uploads\/2022\/08\/EFE-Open-A-E01-PUCHER-Sebastien-B-ZOUNANI-Yacine-N-au-1er-plan-scaled.jpg?w=1920&amp;ssl=1 1920w, https:\/\/i0.wp.com\/echecsmetzfischer.fr\/wp-content\/uploads\/2022\/08\/EFE-Open-A-E01-PUCHER-Sebastien-B-ZOUNANI-Yacine-N-au-1er-plan-scaled.jpg?resize=225%2C300&amp;ssl=1 225w, https:\/\/i0.wp.com\/echecsmetzfischer.fr\/wp-content\/uploads\/2022\/08\/EFE-Open-A-E01-PUCHER-Sebastien-B-ZOUNANI-Yacine-N-au-1er-plan-scaled.jpg?resize=768%2C1024&amp;ssl=1 768w, https:\/\/i0.wp.com\/echecsmetzfischer.fr\/wp-content\/uploads\/2022\/08\/EFE-Open-A-E01-PUCHER-Sebastien-B-ZOUNANI-Yacine-N-au-1er-plan-scaled.jpg?resize=1152%2C1536&amp;ssl=1 1152w, https:\/\/i0.wp.com\/echecsmetzfischer.fr\/wp-content\/uploads\/2022\/08\/EFE-Open-A-E01-PUCHER-Sebastien-B-ZOUNANI-Yacine-N-au-1er-plan-scaled.jpg?resize=1536%2C2048&amp;ssl=1 1536w, https:\/\/i0.wp.com\/echecsmetzfischer.fr\/wp-content\/uploads\/2022\/08\/EFE-Open-A-E01-PUCHER-Sebastien-B-ZOUNANI-Yacine-N-au-1er-plan-scaled.jpg?resize=600%2C800&amp;ssl=1 600w, https:\/\/i0.wp.com\/echecsmetzfischer.fr\/wp-content\/uploads\/2022\/08\/EFE-Open-A-E01-PUCHER-Sebastien-B-ZOUNANI-Yacine-N-au-1er-plan-scaled.jpg?w=1000&amp;ssl=1 1000w\" sizes=\"auto, (max-width: 500px) 100vw, 500px\" \/><\/figure>\n\n\n\n<figure class=\"wp-block-image size-large\"><img data-recalc-dims=\"1\" loading=\"lazy\" decoding=\"async\" width=\"500\" height=\"375\" data-attachment-id=\"6184\" data-permalink=\"https:\/\/echecsmetzfischer.fr\/?attachment_id=6184\" data-orig-file=\"https:\/\/i0.wp.com\/echecsmetzfischer.fr\/wp-content\/uploads\/2022\/08\/EFE-Open-B-DECOTTE-Thomas-scaled.jpg?fit=2560%2C1920&amp;ssl=1\" data-orig-size=\"2560,1920\" data-comments-opened=\"0\" data-image-meta=\"{&quot;aperture&quot;:&quot;1.6&quot;,&quot;credit&quot;:&quot;&quot;,&quot;camera&quot;:&quot;BLA-L29&quot;,&quot;caption&quot;:&quot;&quot;,&quot;created_timestamp&quot;:&quot;1659021787&quot;,&quot;copyright&quot;:&quot;&quot;,&quot;focal_length&quot;:&quot;3.95&quot;,&quot;iso&quot;:&quot;80&quot;,&quot;shutter_speed&quot;:&quot;0.01&quot;,&quot;title&quot;:&quot;&quot;,&quot;orientation&quot;:&quot;0&quot;}\" data-image-title=\"EFE Open B &amp;#8211; DECOTTE Thomas\" data-image-description=\"\" data-image-caption=\"\" data-large-file=\"https:\/\/i0.wp.com\/echecsmetzfischer.fr\/wp-content\/uploads\/2022\/08\/EFE-Open-B-DECOTTE-Thomas-scaled.jpg?fit=500%2C375&amp;ssl=1\" data-id=\"6184\" src=\"https:\/\/i0.wp.com\/echecsmetzfischer.fr\/wp-content\/uploads\/2022\/08\/EFE-Open-B-DECOTTE-Thomas-scaled.jpg?resize=500%2C375&#038;ssl=1\" alt=\"\" class=\"wp-image-6184\" srcset=\"https:\/\/i0.wp.com\/echecsmetzfischer.fr\/wp-content\/uploads\/2022\/08\/EFE-Open-B-DECOTTE-Thomas-scaled.jpg?w=2560&amp;ssl=1 2560w, https:\/\/i0.wp.com\/echecsmetzfischer.fr\/wp-content\/uploads\/2022\/08\/EFE-Open-B-DECOTTE-Thomas-scaled.jpg?resize=300%2C225&amp;ssl=1 300w, https:\/\/i0.wp.com\/echecsmetzfischer.fr\/wp-content\/uploads\/2022\/08\/EFE-Open-B-DECOTTE-Thomas-scaled.jpg?resize=1024%2C768&amp;ssl=1 1024w, https:\/\/i0.wp.com\/echecsmetzfischer.fr\/wp-content\/uploads\/2022\/08\/EFE-Open-B-DECOTTE-Thomas-scaled.jpg?resize=768%2C576&amp;ssl=1 768w, https:\/\/i0.wp.com\/echecsmetzfischer.fr\/wp-content\/uploads\/2022\/08\/EFE-Open-B-DECOTTE-Thomas-scaled.jpg?resize=1536%2C1152&amp;ssl=1 1536w, https:\/\/i0.wp.com\/echecsmetzfischer.fr\/wp-content\/uploads\/2022\/08\/EFE-Open-B-DECOTTE-Thomas-scaled.jpg?resize=2048%2C1536&amp;ssl=1 2048w, https:\/\/i0.wp.com\/echecsmetzfischer.fr\/wp-content\/uploads\/2022\/08\/EFE-Open-B-DECOTTE-Thomas-scaled.jpg?resize=800%2C600&amp;ssl=1 800w\" sizes=\"auto, (max-width: 500px) 100vw, 500px\" \/><\/figure>\n\n\n\n<figure class=\"wp-block-image size-large\"><img data-recalc-dims=\"1\" loading=\"lazy\" decoding=\"async\" width=\"500\" height=\"375\" data-attachment-id=\"6188\" data-permalink=\"https:\/\/echecsmetzfischer.fr\/?attachment_id=6188\" data-orig-file=\"https:\/\/i0.wp.com\/echecsmetzfischer.fr\/wp-content\/uploads\/2022\/08\/EFE-Open-B-PUCHER-Daniel-scaled.jpg?fit=2560%2C1920&amp;ssl=1\" data-orig-size=\"2560,1920\" data-comments-opened=\"0\" data-image-meta=\"{&quot;aperture&quot;:&quot;1.6&quot;,&quot;credit&quot;:&quot;&quot;,&quot;camera&quot;:&quot;BLA-L29&quot;,&quot;caption&quot;:&quot;&quot;,&quot;created_timestamp&quot;:&quot;1659086838&quot;,&quot;copyright&quot;:&quot;&quot;,&quot;focal_length&quot;:&quot;3.95&quot;,&quot;iso&quot;:&quot;50&quot;,&quot;shutter_speed&quot;:&quot;0.01&quot;,&quot;title&quot;:&quot;&quot;,&quot;orientation&quot;:&quot;0&quot;}\" data-image-title=\"EFE Open B &amp;#8211; PUCHER Daniel\" data-image-description=\"\" data-image-caption=\"\" data-large-file=\"https:\/\/i0.wp.com\/echecsmetzfischer.fr\/wp-content\/uploads\/2022\/08\/EFE-Open-B-PUCHER-Daniel-scaled.jpg?fit=500%2C375&amp;ssl=1\" data-id=\"6188\" src=\"https:\/\/i0.wp.com\/echecsmetzfischer.fr\/wp-content\/uploads\/2022\/08\/EFE-Open-B-PUCHER-Daniel-scaled.jpg?resize=500%2C375&#038;ssl=1\" alt=\"\" class=\"wp-image-6188\" srcset=\"https:\/\/i0.wp.com\/echecsmetzfischer.fr\/wp-content\/uploads\/2022\/08\/EFE-Open-B-PUCHER-Daniel-scaled.jpg?w=2560&amp;ssl=1 2560w, https:\/\/i0.wp.com\/echecsmetzfischer.fr\/wp-content\/uploads\/2022\/08\/EFE-Open-B-PUCHER-Daniel-scaled.jpg?resize=300%2C225&amp;ssl=1 300w, https:\/\/i0.wp.com\/echecsmetzfischer.fr\/wp-content\/uploads\/2022\/08\/EFE-Open-B-PUCHER-Daniel-scaled.jpg?resize=1024%2C768&amp;ssl=1 1024w, https:\/\/i0.wp.com\/echecsmetzfischer.fr\/wp-content\/uploads\/2022\/08\/EFE-Open-B-PUCHER-Daniel-scaled.jpg?resize=768%2C576&amp;ssl=1 768w, https:\/\/i0.wp.com\/echecsmetzfischer.fr\/wp-content\/uploads\/2022\/08\/EFE-Open-B-PUCHER-Daniel-scaled.jpg?resize=1536%2C1152&amp;ssl=1 1536w, https:\/\/i0.wp.com\/echecsmetzfischer.fr\/wp-content\/uploads\/2022\/08\/EFE-Open-B-PUCHER-Daniel-scaled.jpg?resize=2048%2C1536&amp;ssl=1 2048w, https:\/\/i0.wp.com\/echecsmetzfischer.fr\/wp-content\/uploads\/2022\/08\/EFE-Open-B-PUCHER-Daniel-scaled.jpg?resize=800%2C600&amp;ssl=1 800w\" sizes=\"auto, (max-width: 500px) 100vw, 500px\" \/><\/figure>\n\n\n\n<figure class=\"wp-block-image size-large\"><img data-recalc-dims=\"1\" loading=\"lazy\" decoding=\"async\" width=\"500\" height=\"375\" data-attachment-id=\"6187\" data-permalink=\"https:\/\/echecsmetzfischer.fr\/?attachment_id=6187\" data-orig-file=\"https:\/\/i0.wp.com\/echecsmetzfischer.fr\/wp-content\/uploads\/2022\/08\/EFE-Open-B-MONTAIGU-DUPONT-Gabriel-scaled.jpg?fit=2560%2C1920&amp;ssl=1\" data-orig-size=\"2560,1920\" data-comments-opened=\"0\" data-image-meta=\"{&quot;aperture&quot;:&quot;1.6&quot;,&quot;credit&quot;:&quot;&quot;,&quot;camera&quot;:&quot;BLA-L29&quot;,&quot;caption&quot;:&quot;&quot;,&quot;created_timestamp&quot;:&quot;1659021801&quot;,&quot;copyright&quot;:&quot;&quot;,&quot;focal_length&quot;:&quot;3.95&quot;,&quot;iso&quot;:&quot;80&quot;,&quot;shutter_speed&quot;:&quot;0.01&quot;,&quot;title&quot;:&quot;&quot;,&quot;orientation&quot;:&quot;0&quot;}\" data-image-title=\"EFE Open B &amp;#8211; MONTAIGU DUPONT Gabriel\" data-image-description=\"\" data-image-caption=\"\" data-large-file=\"https:\/\/i0.wp.com\/echecsmetzfischer.fr\/wp-content\/uploads\/2022\/08\/EFE-Open-B-MONTAIGU-DUPONT-Gabriel-scaled.jpg?fit=500%2C375&amp;ssl=1\" data-id=\"6187\" src=\"https:\/\/i0.wp.com\/echecsmetzfischer.fr\/wp-content\/uploads\/2022\/08\/EFE-Open-B-MONTAIGU-DUPONT-Gabriel-scaled.jpg?resize=500%2C375&#038;ssl=1\" alt=\"\" class=\"wp-image-6187\" srcset=\"https:\/\/i0.wp.com\/echecsmetzfischer.fr\/wp-content\/uploads\/2022\/08\/EFE-Open-B-MONTAIGU-DUPONT-Gabriel-scaled.jpg?w=2560&amp;ssl=1 2560w, https:\/\/i0.wp.com\/echecsmetzfischer.fr\/wp-content\/uploads\/2022\/08\/EFE-Open-B-MONTAIGU-DUPONT-Gabriel-scaled.jpg?resize=300%2C225&amp;ssl=1 300w, https:\/\/i0.wp.com\/echecsmetzfischer.fr\/wp-content\/uploads\/2022\/08\/EFE-Open-B-MONTAIGU-DUPONT-Gabriel-scaled.jpg?resize=1024%2C768&amp;ssl=1 1024w, https:\/\/i0.wp.com\/echecsmetzfischer.fr\/wp-content\/uploads\/2022\/08\/EFE-Open-B-MONTAIGU-DUPONT-Gabriel-scaled.jpg?resize=768%2C576&amp;ssl=1 768w, https:\/\/i0.wp.com\/echecsmetzfischer.fr\/wp-content\/uploads\/2022\/08\/EFE-Open-B-MONTAIGU-DUPONT-Gabriel-scaled.jpg?resize=1536%2C1152&amp;ssl=1 1536w, https:\/\/i0.wp.com\/echecsmetzfischer.fr\/wp-content\/uploads\/2022\/08\/EFE-Open-B-MONTAIGU-DUPONT-Gabriel-scaled.jpg?resize=2048%2C1536&amp;ssl=1 2048w, https:\/\/i0.wp.com\/echecsmetzfischer.fr\/wp-content\/uploads\/2022\/08\/EFE-Open-B-MONTAIGU-DUPONT-Gabriel-scaled.jpg?resize=800%2C600&amp;ssl=1 800w\" sizes=\"auto, (max-width: 500px) 100vw, 500px\" \/><\/figure>\n\n\n\n<figure class=\"wp-block-image size-large\"><img data-recalc-dims=\"1\" loading=\"lazy\" decoding=\"async\" width=\"500\" height=\"375\" data-attachment-id=\"6185\" data-permalink=\"https:\/\/echecsmetzfischer.fr\/?attachment_id=6185\" data-orig-file=\"https:\/\/i0.wp.com\/echecsmetzfischer.fr\/wp-content\/uploads\/2022\/08\/EFE-Open-B-Mme-ANTOINE-Francoise-scaled.jpg?fit=2560%2C1920&amp;ssl=1\" data-orig-size=\"2560,1920\" data-comments-opened=\"0\" data-image-meta=\"{&quot;aperture&quot;:&quot;1.6&quot;,&quot;credit&quot;:&quot;&quot;,&quot;camera&quot;:&quot;BLA-L29&quot;,&quot;caption&quot;:&quot;&quot;,&quot;created_timestamp&quot;:&quot;1659021829&quot;,&quot;copyright&quot;:&quot;&quot;,&quot;focal_length&quot;:&quot;3.95&quot;,&quot;iso&quot;:&quot;160&quot;,&quot;shutter_speed&quot;:&quot;0.010001&quot;,&quot;title&quot;:&quot;&quot;,&quot;orientation&quot;:&quot;0&quot;}\" data-image-title=\"EFE Open B &amp;#8211; Mme ANTOINE Fran\u00e7oise\" data-image-description=\"\" data-image-caption=\"\" data-large-file=\"https:\/\/i0.wp.com\/echecsmetzfischer.fr\/wp-content\/uploads\/2022\/08\/EFE-Open-B-Mme-ANTOINE-Francoise-scaled.jpg?fit=500%2C375&amp;ssl=1\" data-id=\"6185\" src=\"https:\/\/i0.wp.com\/echecsmetzfischer.fr\/wp-content\/uploads\/2022\/08\/EFE-Open-B-Mme-ANTOINE-Francoise-scaled.jpg?resize=500%2C375&#038;ssl=1\" alt=\"\" class=\"wp-image-6185\" srcset=\"https:\/\/i0.wp.com\/echecsmetzfischer.fr\/wp-content\/uploads\/2022\/08\/EFE-Open-B-Mme-ANTOINE-Francoise-scaled.jpg?w=2560&amp;ssl=1 2560w, https:\/\/i0.wp.com\/echecsmetzfischer.fr\/wp-content\/uploads\/2022\/08\/EFE-Open-B-Mme-ANTOINE-Francoise-scaled.jpg?resize=300%2C225&amp;ssl=1 300w, https:\/\/i0.wp.com\/echecsmetzfischer.fr\/wp-content\/uploads\/2022\/08\/EFE-Open-B-Mme-ANTOINE-Francoise-scaled.jpg?resize=1024%2C768&amp;ssl=1 1024w, https:\/\/i0.wp.com\/echecsmetzfischer.fr\/wp-content\/uploads\/2022\/08\/EFE-Open-B-Mme-ANTOINE-Francoise-scaled.jpg?resize=768%2C576&amp;ssl=1 768w, https:\/\/i0.wp.com\/echecsmetzfischer.fr\/wp-content\/uploads\/2022\/08\/EFE-Open-B-Mme-ANTOINE-Francoise-scaled.jpg?resize=1536%2C1152&amp;ssl=1 1536w, https:\/\/i0.wp.com\/echecsmetzfischer.fr\/wp-content\/uploads\/2022\/08\/EFE-Open-B-Mme-ANTOINE-Francoise-scaled.jpg?resize=2048%2C1536&amp;ssl=1 2048w, https:\/\/i0.wp.com\/echecsmetzfischer.fr\/wp-content\/uploads\/2022\/08\/EFE-Open-B-Mme-ANTOINE-Francoise-scaled.jpg?resize=800%2C600&amp;ssl=1 800w\" sizes=\"auto, (max-width: 500px) 100vw, 500px\" \/><\/figure>\n\n\n\n<figure class=\"wp-block-image size-large\"><img data-recalc-dims=\"1\" loading=\"lazy\" decoding=\"async\" width=\"500\" height=\"375\" data-attachment-id=\"6186\" data-permalink=\"https:\/\/echecsmetzfischer.fr\/?attachment_id=6186\" data-orig-file=\"https:\/\/i0.wp.com\/echecsmetzfischer.fr\/wp-content\/uploads\/2022\/08\/EFE-Open-B-MONTAIGU-DUPONT-Arthur-scaled.jpg?fit=2560%2C1920&amp;ssl=1\" data-orig-size=\"2560,1920\" data-comments-opened=\"0\" data-image-meta=\"{&quot;aperture&quot;:&quot;1.6&quot;,&quot;credit&quot;:&quot;&quot;,&quot;camera&quot;:&quot;BLA-L29&quot;,&quot;caption&quot;:&quot;&quot;,&quot;created_timestamp&quot;:&quot;1659021773&quot;,&quot;copyright&quot;:&quot;&quot;,&quot;focal_length&quot;:&quot;3.95&quot;,&quot;iso&quot;:&quot;80&quot;,&quot;shutter_speed&quot;:&quot;0.01&quot;,&quot;title&quot;:&quot;&quot;,&quot;orientation&quot;:&quot;0&quot;}\" data-image-title=\"EFE Open B &amp;#8211; MONTAIGU DUPONT Arthur\" data-image-description=\"\" data-image-caption=\"\" data-large-file=\"https:\/\/i0.wp.com\/echecsmetzfischer.fr\/wp-content\/uploads\/2022\/08\/EFE-Open-B-MONTAIGU-DUPONT-Arthur-scaled.jpg?fit=500%2C375&amp;ssl=1\" data-id=\"6186\" src=\"https:\/\/i0.wp.com\/echecsmetzfischer.fr\/wp-content\/uploads\/2022\/08\/EFE-Open-B-MONTAIGU-DUPONT-Arthur-scaled.jpg?resize=500%2C375&#038;ssl=1\" alt=\"\" class=\"wp-image-6186\" srcset=\"https:\/\/i0.wp.com\/echecsmetzfischer.fr\/wp-content\/uploads\/2022\/08\/EFE-Open-B-MONTAIGU-DUPONT-Arthur-scaled.jpg?w=2560&amp;ssl=1 2560w, https:\/\/i0.wp.com\/echecsmetzfischer.fr\/wp-content\/uploads\/2022\/08\/EFE-Open-B-MONTAIGU-DUPONT-Arthur-scaled.jpg?resize=300%2C225&amp;ssl=1 300w, https:\/\/i0.wp.com\/echecsmetzfischer.fr\/wp-content\/uploads\/2022\/08\/EFE-Open-B-MONTAIGU-DUPONT-Arthur-scaled.jpg?resize=1024%2C768&amp;ssl=1 1024w, https:\/\/i0.wp.com\/echecsmetzfischer.fr\/wp-content\/uploads\/2022\/08\/EFE-Open-B-MONTAIGU-DUPONT-Arthur-scaled.jpg?resize=768%2C576&amp;ssl=1 768w, https:\/\/i0.wp.com\/echecsmetzfischer.fr\/wp-content\/uploads\/2022\/08\/EFE-Open-B-MONTAIGU-DUPONT-Arthur-scaled.jpg?resize=1536%2C1152&amp;ssl=1 1536w, https:\/\/i0.wp.com\/echecsmetzfischer.fr\/wp-content\/uploads\/2022\/08\/EFE-Open-B-MONTAIGU-DUPONT-Arthur-scaled.jpg?resize=2048%2C1536&amp;ssl=1 2048w, https:\/\/i0.wp.com\/echecsmetzfischer.fr\/wp-content\/uploads\/2022\/08\/EFE-Open-B-MONTAIGU-DUPONT-Arthur-scaled.jpg?resize=800%2C600&amp;ssl=1 800w\" sizes=\"auto, (max-width: 500px) 100vw, 500px\" \/><\/figure>\n<\/figure>\n\n\n\n<p class=\"has-text-align-justify\"><mark style=\"background-color:rgba(0, 0, 0, 0)\" class=\"has-inline-color has-vivid-green-cyan-color\">Du 25 au 31 juillet \u00e0 Chamb\u00e9ry,<\/mark> Elouan Fardet se classe \u00e0 une bonne 6e place dans <a rel=\"noreferrer noopener\" href=\"http:\/\/www.echecs.asso.fr\/FicheTournoi.aspx?Ref=55399\" target=\"_blank\">le tournoi principal<\/a> du festival de Chamb\u00e9ry.<\/p>\n\n\n\n<p class=\"has-text-align-justify\"><mark style=\"background-color:rgba(0, 0, 0, 0)\" class=\"has-inline-color has-vivid-green-cyan-color\">Du 23 au 31 juillet \u00e0 Avoine,<\/mark> Sibylle-Anne Rouzes se classe 197e et r\u00e9alise une bonne perf \u00e0 l&rsquo;open d&rsquo;Avoine. Voir <a rel=\"noreferrer noopener\" href=\"http:\/\/www.echecs.asso.fr\/FicheTournoi.aspx?Ref=55256\" target=\"_blank\">les r\u00e9sultats<\/a>.<\/p>\n\n\n\n<p class=\"has-text-align-justify\"><mark style=\"background-color:rgba(0, 0, 0, 0)\" class=\"has-inline-color has-vivid-green-cyan-color\">Du 22 au 30 juillet \u00e0 Sitges (Espagne),<\/mark> Manon Schippk\u00e9 participe au tournoi A de l&rsquo;open de Sitges. Voir <a rel=\"noreferrer noopener\" href=\"https:\/\/www.penyaescacscp.com\/fr\/open\" target=\"_blank\">le site officiel du tournoi<\/a>.<\/p>\n\n\n\n<p class=\"has-text-align-justify\"><mark style=\"background-color:rgba(0, 0, 0, 0)\" class=\"has-inline-color has-vivid-green-cyan-color\">Du 14 au 22 juillet \u00e0 Vaujany,<\/mark> Pierre Bailet et Tangi Migot participent au festival de Vaujany dans <a rel=\"noreferrer noopener\" href=\"http:\/\/www.echecs.asso.fr\/FicheTournoi.aspx?Ref=54654\" target=\"_blank\">le tournoi principal<\/a>.<\/p>\n\n\n\n<p class=\"has-text-align-justify\"><mark style=\"background-color:rgba(0, 0, 0, 0)\" class=\"has-inline-color has-vivid-green-cyan-color\">Le 14 juillet \u00e0 Tressange,<\/mark> Thomas Decotte et sa maman Fran\u00e7oise r\u00e9alisent de bonnes performances au rapide de Tressange en se classant respectivement 10e et 12e avec 5\/9. Voir <a rel=\"noreferrer noopener\" href=\"http:\/\/www.echecs.asso.fr\/FicheTournoi.aspx?Ref=56157\" target=\"_blank\">les r\u00e9sultats<\/a>.<\/p>\n\n\n\n<p class=\"has-text-align-justify\"><mark style=\"background-color:rgba(0, 0, 0, 0)\" class=\"has-inline-color has-vivid-green-cyan-color\">Du 12 au 17 juillet \u00e0 Paris,<\/mark> Dorian Micottis dans <a rel=\"noreferrer noopener\" href=\"http:\/\/www.echecs.asso.fr\/FicheTournoi.aspx?Ref=55609\" target=\"_blank\">l&rsquo;open fide<\/a> et Elouan Fardet dans <a rel=\"noreferrer noopener\" href=\"http:\/\/www.echecs.asso.fr\/FicheTournoi.aspx?Ref=55610\" target=\"_blank\">l&rsquo;open A<\/a> participent au championnat de Paris.<\/p>\n\n\n\n<p class=\"has-text-align-justify\"><mark style=\"background-color:rgba(0, 0, 0, 0)\" class=\"has-inline-color has-vivid-green-cyan-color\">Du 2 au 9 juillet \u00e0 La Plagne,<\/mark> 7 joueurs du club participent au festival de La Plagne. Retrouvez les r\u00e9sultats de S\u00e9bastien Pucher, Dorian Micottis et Manon Schippk\u00e9 dans <a rel=\"noreferrer noopener\" href=\"http:\/\/www.echecs.asso.fr\/FicheTournoi.aspx?Ref=55046\" target=\"_blank\">le tournoi Ma\u00eetre<\/a> ; Nino Shamanauri, Gabriel Montaigu Dupont et Arthur Montaigu Dupont dans <a rel=\"noreferrer noopener\" href=\"http:\/\/www.echecs.asso.fr\/FicheTournoi.aspx?Ref=55047\" target=\"_blank\">le tournoi Accession<\/a> ; Christopher Montaigu dans <a rel=\"noreferrer noopener\" href=\"http:\/\/www.echecs.asso.fr\/FicheTournoi.aspx?Ref=55048\" target=\"_blank\">le tournoi Amateur<\/a>.  <\/p>\n\n\n\n<p><mark style=\"background-color:rgba(0, 0, 0, 0)\" class=\"has-inline-color has-vivid-green-cyan-color\">Le 2 juillet \u00e0 Reims,<\/mark> Arnaud Millet se classe 37e du rapide de Reims. Voir <a rel=\"noreferrer noopener\" href=\"http:\/\/www.echecs.asso.fr\/FicheTournoi.aspx?Ref=55866#\" target=\"_blank\">les r\u00e9sultats<\/a>.<\/p>\n","protected":false},"excerpt":{"rendered":"<p>Suivez sur cette page les r\u00e9sultats de nos joueurs dans les tournois de l&rsquo;\u00e9t\u00e9 : Du 24 au 30 ao\u00fbt \u00e0 Aix-en-Provence : Pierre Bailet r\u00e9alise sa 3e et derni\u00e8re norme de Grand-Ma\u00eetre synonyme de titre lors du tournoi \u00e0 &hellip; <a href=\"https:\/\/echecsmetzfischer.fr\/?p=6131\">Continue la lecture <span class=\"meta-nav\">&rarr;<\/span><\/a><\/p>\n","protected":false},"author":1,"featured_media":0,"comment_status":"closed","ping_status":"open","sticky":false,"template":"","format":"standard","meta":{"jetpack_post_was_ever_published":false,"_jetpack_newsletter_access":"","_jetpack_dont_email_post_to_subs":false,"_jetpack_newsletter_tier_id":0,"_jetpack_memberships_contains_paywalled_content":false,"_jetpack_memberships_contains_paid_content":false,"footnotes":"","jetpack_publicize_message":"","jetpack_publicize_feature_enabled":true,"jetpack_social_post_already_shared":true,"jetpack_social_options":{"image_generator_settings":{"template":"highway","default_image_id":0,"font":"","enabled":false},"version":2}},"categories":[23],"tags":[],"class_list":["post-6131","post","type-post","status-publish","format-standard","hentry","category-tournois-divers"],"jetpack_publicize_connections":[],"jetpack_featured_media_url":"","jetpack_sharing_enabled":true,"jetpack_shortlink":"https:\/\/wp.me\/p89Tyy-1AT","jetpack-related-posts":[],"_links":{"self":[{"href":"https:\/\/echecsmetzfischer.fr\/index.php?rest_route=\/wp\/v2\/posts\/6131","targetHints":{"allow":["GET"]}}],"collection":[{"href":"https:\/\/echecsmetzfischer.fr\/index.php?rest_route=\/wp\/v2\/posts"}],"about":[{"href":"https:\/\/echecsmetzfischer.fr\/index.php?rest_route=\/wp\/v2\/types\/post"}],"author":[{"embeddable":true,"href":"https:\/\/echecsmetzfischer.fr\/index.php?rest_route=\/wp\/v2\/users\/1"}],"replies":[{"embeddable":true,"href":"https:\/\/echecsmetzfischer.fr\/index.php?rest_route=%2Fwp%2Fv2%2Fcomments&post=6131"}],"version-history":[{"count":29,"href":"https:\/\/echecsmetzfischer.fr\/index.php?rest_route=\/wp\/v2\/posts\/6131\/revisions"}],"predecessor-version":[{"id":6211,"href":"https:\/\/echecsmetzfischer.fr\/index.php?rest_route=\/wp\/v2\/posts\/6131\/revisions\/6211"}],"wp:attachment":[{"href":"https:\/\/echecsmetzfischer.fr\/index.php?rest_route=%2Fwp%2Fv2%2Fmedia&parent=6131"}],"wp:term":[{"taxonomy":"category","embeddable":true,"href":"https:\/\/echecsmetzfischer.fr\/index.php?rest_route=%2Fwp%2Fv2%2Fcategories&post=6131"},{"taxonomy":"post_tag","embeddable":true,"href":"https:\/\/echecsmetzfischer.fr\/index.php?rest_route=%2Fwp%2Fv2%2Ftags&post=6131"}],"curies":[{"name":"wp","href":"https:\/\/api.w.org\/{rel}","templated":true}]}}