{"id":637,"date":"2016-09-20T12:55:27","date_gmt":"2016-09-20T11:55:27","guid":{"rendered":"http:\/\/echecsmetzfischer.fr\/?p=637"},"modified":"2016-09-20T15:20:30","modified_gmt":"2016-09-20T14:20:30","slug":"fete-du-sport-une-belle-affluence","status":"publish","type":"post","link":"https:\/\/echecsmetzfischer.fr\/?p=637","title":{"rendered":"F\u00eate du sport : une belle affluence"},"content":{"rendered":"<p style=\"text-align: justify;\">Organis\u00e9e par le comit\u00e9 d\u00e9partemental olympique et sportif, la f\u00eate du sport a \u00e9t\u00e9 d\u00e9localis\u00e9e \u00e0 Amn\u00e9ville cette ann\u00e9e. Le stand tenu par le club d&rsquo;\u00e9checs Metz Fischer a connu une belle affluence ce samedi. Nos deux animateurs, Emmanuel et S\u00e9bastien, ont initi\u00e9 et sensibilis\u00e9 le public \u00e0 la pratique du jeu d&rsquo;\u00e9checs de 14h \u00e0 19h.<\/p>\n<div id=\"attachment_636\" style=\"width: 310px\" class=\"wp-caption aligncenter\"><img data-recalc-dims=\"1\" loading=\"lazy\" decoding=\"async\" aria-describedby=\"caption-attachment-636\" data-attachment-id=\"636\" data-permalink=\"https:\/\/echecsmetzfischer.fr\/?attachment_id=636\" data-orig-file=\"https:\/\/i0.wp.com\/echecsmetzfischer.fr\/wp-content\/uploads\/2016\/09\/fete-du-sport.jpg?fit=333%2C250&amp;ssl=1\" data-orig-size=\"333,250\" data-comments-opened=\"1\" data-image-meta=\"{&quot;aperture&quot;:&quot;0&quot;,&quot;credit&quot;:&quot;&quot;,&quot;camera&quot;:&quot;&quot;,&quot;caption&quot;:&quot;&quot;,&quot;created_timestamp&quot;:&quot;0&quot;,&quot;copyright&quot;:&quot;&quot;,&quot;focal_length&quot;:&quot;0&quot;,&quot;iso&quot;:&quot;0&quot;,&quot;shutter_speed&quot;:&quot;0&quot;,&quot;title&quot;:&quot;&quot;,&quot;orientation&quot;:&quot;0&quot;}\" data-image-title=\"fete-du-sport\" data-image-description=\"\" data-image-caption=\"&lt;p&gt;Emmanuel en pleine activit\u00e9&lt;\/p&gt;\n\" data-large-file=\"https:\/\/i0.wp.com\/echecsmetzfischer.fr\/wp-content\/uploads\/2016\/09\/fete-du-sport.jpg?fit=333%2C250&amp;ssl=1\" class=\"size-medium wp-image-636\" src=\"https:\/\/i0.wp.com\/echecsmetzfischer.fr\/wp-content\/uploads\/2016\/09\/fete-du-sport.jpg?resize=300%2C225&#038;ssl=1\" alt=\"Emmanuel en pleine activit\u00e9\" width=\"300\" height=\"225\" srcset=\"https:\/\/i0.wp.com\/echecsmetzfischer.fr\/wp-content\/uploads\/2016\/09\/fete-du-sport.jpg?resize=300%2C225&amp;ssl=1 300w, https:\/\/i0.wp.com\/echecsmetzfischer.fr\/wp-content\/uploads\/2016\/09\/fete-du-sport.jpg?w=333&amp;ssl=1 333w\" sizes=\"auto, (max-width: 300px) 100vw, 300px\" \/><p id=\"caption-attachment-636\" class=\"wp-caption-text\">Emmanuel en pleine activit\u00e9<\/p><\/div>\n<p style=\"text-align: justify;\">Tr\u00e8s impliqu\u00e9 dans la d\u00e9tection et la formation de nouveaux talents, Metz Fischer repr\u00e9sent\u00e9 par Daniel \u00e9tait \u00e9galement pr\u00e9sent ce m\u00eame jour aux portes ouvertes du centre socio-culturel de Metz-Valli\u00e8res.<\/p>\n","protected":false},"excerpt":{"rendered":"<p>Organis\u00e9e par le comit\u00e9 d\u00e9partemental olympique et sportif, la f\u00eate du sport a \u00e9t\u00e9 d\u00e9localis\u00e9e \u00e0 Amn\u00e9ville cette ann\u00e9e. Le stand tenu par le club d&rsquo;\u00e9checs Metz Fischer a connu une belle affluence ce samedi. Nos deux animateurs, Emmanuel et &hellip; <a href=\"https:\/\/echecsmetzfischer.fr\/?p=637\">Continue la lecture <span class=\"meta-nav\">&rarr;<\/span><\/a><\/p>\n","protected":false},"author":1,"featured_media":0,"comment_status":"open","ping_status":"open","sticky":false,"template":"","format":"standard","meta":{"jetpack_post_was_ever_published":false,"_jetpack_newsletter_access":"","_jetpack_dont_email_post_to_subs":false,"_jetpack_newsletter_tier_id":0,"_jetpack_memberships_contains_paywalled_content":false,"_jetpack_memberships_contains_paid_content":false,"footnotes":"","jetpack_publicize_message":"","jetpack_publicize_feature_enabled":true,"jetpack_social_post_already_shared":false,"jetpack_social_options":{"image_generator_settings":{"template":"highway","default_image_id":0,"font":"","enabled":false},"version":2}},"categories":[26],"tags":[],"class_list":["post-637","post","type-post","status-publish","format-standard","hentry","category-nos-animations"],"jetpack_publicize_connections":[],"jetpack_featured_media_url":"","jetpack_sharing_enabled":true,"jetpack_shortlink":"https:\/\/wp.me\/p89Tyy-ah","jetpack-related-posts":[],"_links":{"self":[{"href":"https:\/\/echecsmetzfischer.fr\/index.php?rest_route=\/wp\/v2\/posts\/637","targetHints":{"allow":["GET"]}}],"collection":[{"href":"https:\/\/echecsmetzfischer.fr\/index.php?rest_route=\/wp\/v2\/posts"}],"about":[{"href":"https:\/\/echecsmetzfischer.fr\/index.php?rest_route=\/wp\/v2\/types\/post"}],"author":[{"embeddable":true,"href":"https:\/\/echecsmetzfischer.fr\/index.php?rest_route=\/wp\/v2\/users\/1"}],"replies":[{"embeddable":true,"href":"https:\/\/echecsmetzfischer.fr\/index.php?rest_route=%2Fwp%2Fv2%2Fcomments&post=637"}],"version-history":[{"count":3,"href":"https:\/\/echecsmetzfischer.fr\/index.php?rest_route=\/wp\/v2\/posts\/637\/revisions"}],"predecessor-version":[{"id":641,"href":"https:\/\/echecsmetzfischer.fr\/index.php?rest_route=\/wp\/v2\/posts\/637\/revisions\/641"}],"wp:attachment":[{"href":"https:\/\/echecsmetzfischer.fr\/index.php?rest_route=%2Fwp%2Fv2%2Fmedia&parent=637"}],"wp:term":[{"taxonomy":"category","embeddable":true,"href":"https:\/\/echecsmetzfischer.fr\/index.php?rest_route=%2Fwp%2Fv2%2Fcategories&post=637"},{"taxonomy":"post_tag","embeddable":true,"href":"https:\/\/echecsmetzfischer.fr\/index.php?rest_route=%2Fwp%2Fv2%2Ftags&post=637"}],"curies":[{"name":"wp","href":"https:\/\/api.w.org\/{rel}","templated":true}]}}